{"id":139,"date":"2018-05-09T16:32:36","date_gmt":"2018-05-09T14:32:36","guid":{"rendered":"http:\/\/centroculturalegiussano.it\/?p=139"},"modified":"2019-01-24T13:02:12","modified_gmt":"2019-01-24T12:02:12","slug":"incontro-con-lautore-2018","status":"publish","type":"post","link":"http:\/\/centroculturalegiussano.it\/index.php\/2018\/05\/09\/incontro-con-lautore-2018\/","title":{"rendered":"Incontro con l&#8217;autore 2018"},"content":{"rendered":"<p style=\"text-align: center;\"><strong>Centro Culturale GAUDI\u2019-INCONTRO CON L\u2019AUTORE 2018<\/strong><\/p>\n<p style=\"text-align: justify;\">Il Centro Culturale propone anche quest\u2019anno la rassegna <strong>INCONTRO CON<\/strong> <strong>L\u2019AUTORE.<\/strong> Come di consueto non si tratter\u00e0 solo, o innanzitutto, di una presentazione di \u201clibri\u201d, ma, in dialogo con il pubblico, di veri e propri \u201cincontri\u201d, con gli Autori o con i protagonisti delle vicende esposte.<\/p>\n<p style=\"text-align: justify;\">Terremo\u00a0 come tema generale, come per il CINEFORUM 2018 svoltosi in gennaio con esito molto positivo, il <strong>\u201cfattore umano\u201d<\/strong>: quell\u2019\u00a0<em>elemento imponderabile\u00a0 della realt\u00e0<\/em> , difficile da definirsi, ma di cui tutti facciamo esperienza e che continua a riproporsi nell\u2019 esistenza come una intrusione imprevista, capace di rovesciare programmi , previsioni e calcoli o di suggerire inaspettate decisioni.<\/p>\n<p style=\"text-align: justify;\"><strong>Le tre serate in programma marted\u00ec 8, marted\u00ec 22 maggio e marted\u00ec 5<\/strong> <strong>giugno, realizzate con la collaborazione della comunit\u00e0 pastorale San Paolo e la Pubblica Amministrazione, avranno luogo presso la Sala Consigliare di piazza A.Moro a Giussano con inizio alle ore 21,15.<\/strong><\/p>\n<p style=\"text-align: justify;\">Ospiteremo<\/p>\n<p style=\"text-align: justify;\"><strong>MARTEDI 8 maggio <\/strong><\/p>\n<p style=\"text-align: justify;\"><strong>&#8220;Il ricordo diventa poesia&#8221;<\/strong>\u00a0dai Diari, 1940-1948,di <strong>Eugenio Corti<\/strong>\u00a0(Edizioni Ares, 2017)<\/p>\n<p style=\"text-align: justify;\">intervengono: <strong>i curatori<\/strong> <strong>Vanda Corti<\/strong> e <strong>Giovanni Santambrogio<\/strong>, giornalista<\/p>\n<p style=\"text-align: justify;\">Verr\u00e0 inoltre proiettata l\u2019ultima intervista fatta allo scrittore e i <strong>\u00a0ragazzi del Laboratorio teatrale dell&#8217;Istituto Scolastico &#8220;Don Gnocchi&#8221; di Carate<\/strong> leggeranno alcune fra le pagine pi\u00f9 suggestive del libro.<\/p>\n<p style=\"text-align: justify;\"><em>Si tratta di un\u2019ampia antologia tratta dai<\/em>\u00a0<em>Diari<\/em><em>, in particolare dai taccuini giovanili,\u00a0che restituiscono il ritratto di un giovane uomo di queste terre dalla sensibilit\u00e0 fine e dalla fede forte, nel quale insorge pian piano ma potente la vocazione e la decisione alla scrittura narrativa. Sono gli anni degli studi e della guerra combattuta sul fronte russo, su cui le pagine di diario offerte aggiungono la voce intima e il cuore dell\u2019autore del grande romanzo<\/em>\u00a0\u201c<em>Il cavallo rosso\u201d.<\/em><\/p>\n<p style=\"text-align: justify;\"><strong>MARTEDI\u2019 22 maggio<\/strong><\/p>\n<p style=\"text-align: justify;\"><strong>\u201c <\/strong><strong>Zhero\u201d,<\/strong> (L\u2019Erudita, 2018) di<strong> Tiziano Vigan\u00f2<\/strong><\/p>\n<p style=\"text-align: justify;\">intervengono: <strong>l\u2019autore<\/strong> e l\u2019attore <strong>Matteo Bonanni<\/strong> che ci far\u00e0 incontrare il testo attraverso la lettura di brani scelti<\/p>\n<p style=\"text-align: justify;\"><em>Un romanzo per adulti e ragazzi: in un mondo in cui essere speciali \u00e8 la quotidianit\u00e0, Zhero si distingue perch\u00e9 \u00e8 normale. Tutti sulla Terra hanno superpoteri, tranne lui. Chiunque sa fare qualcosa di straordinario&#8230;<\/em><\/p>\n<p style=\"text-align: justify;\"><em>Inseguendo l\u2019avventura del protagonista e dei suoi formidabili compagni, l\u2019autore tesse un elogio dell\u2019ordinario, per cui solo chi \u00e8 abituato a far affidamento sul proprio ingegno e sul sostegno degli amici pu\u00f2 salvare la situazione.<\/em><\/p>\n<p style=\"text-align: justify;\"><em>\u00a0<\/em><\/p>\n<p style=\"text-align: justify;\"><strong>MARTEDI\u2019 5 giugno <\/strong><\/p>\n<p style=\"text-align: justify;\"><strong>\u00a0\u201cGIUDA. Nel buio la luce\u201d,<\/strong>(Cantagalli Edizioni, 2018), di <strong>Sergio Stevan.\u00a0\u00a0\u00a0\u00a0\u00a0\u00a0\u00a0\u00a0\u00a0\u00a0\u00a0\u00a0\u00a0\u00a0\u00a0\u00a0\u00a0\u00a0\u00a0\u00a0\u00a0\u00a0\u00a0\u00a0\u00a0\u00a0\u00a0\u00a0\u00a0\u00a0\u00a0\u00a0\u00a0 <\/strong><\/p>\n<p style=\"text-align: justify;\">intervengono:<strong> l\u2019autore<\/strong> e<strong> Maurizio Giovagnoni, <\/strong>docente d\u2019arte, che presenter\u00e0 le immagini pittoriche presenti nel testo.<strong>\u00a0\u00a0\u00a0\u00a0\u00a0\u00a0\u00a0\u00a0\u00a0\u00a0\u00a0\u00a0\u00a0\u00a0\u00a0\u00a0\u00a0\u00a0\u00a0\u00a0\u00a0\u00a0\u00a0\u00a0\u00a0\u00a0\u00a0\u00a0\u00a0\u00a0\u00a0\u00a0\u00a0\u00a0\u00a0\u00a0\u00a0\u00a0\u00a0\u00a0\u00a0\u00a0\u00a0\u00a0\u00a0\u00a0\u00a0\u00a0\u00a0\u00a0\u00a0\u00a0\u00a0\u00a0\u00a0\u00a0\u00a0\u00a0\u00a0\u00a0\u00a0\u00a0\u00a0\u00a0\u00a0\u00a0\u00a0\u00a0\u00a0\u00a0\u00a0\u00a0\u00a0\u00a0\u00a0\u00a0 \u00a0\u00a0\u00a0\u00a0\u00a0\u00a0\u00a0\u00a0\u00a0\u00a0\u00a0\u00a0\u00a0\u00a0\u00a0\u00a0\u00a0\u00a0\u00a0\u00a0\u00a0\u00a0\u00a0\u00a0\u00a0\u00a0\u00a0\u00a0\u00a0\u00a0\u00a0\u00a0\u00a0\u00a0\u00a0\u00a0\u00a0\u00a0\u00a0\u00a0\u00a0\u00a0\u00a0\u00a0\u00a0\u00a0\u00a0\u00a0\u00a0\u00a0\u00a0\u00a0\u00a0\u00a0\u00a0\u00a0\u00a0\u00a0\u00a0\u00a0\u00a0\u00a0\u00a0\u00a0\u00a0\u00a0\u00a0\u00a0\u00a0\u00a0\u00a0\u00a0\u00a0<\/strong><\/p>\n<p style=\"text-align: justify;\"><em>Le pagine di \u00a0questo libro \u00a0scavano \u00a0nel profondo \u00a0la figura \u00a0di Giuda \u00a0e la \u00a0sua \u00a0vicenda personale tragicamente emblematica\u2026<\/em>\u00a0<em>Anche in questo libro l&#8217;autore non manca di far penetrare nel buio fitto della vicenda di Giuda qualche spiraglio di luce e di speranza. Completano il libro immagini artistiche.<\/em><\/p>\n<p style=\"text-align: justify;\"><strong>Gli incontri saranno presentati e coordinati da Giuseppe Proserpio , Dirigente scolastico.<\/strong><\/p>\n<p style=\"text-align: justify;\"><strong><em><a href=\"http:\/\/centroculturalegiussano.it\/wp-content\/uploads\/2018\/05\/incontroConLautore2018.pdf\" target=\"_blank\">Scarica qui il volantino<\/a><br \/>\n<\/em><\/strong><\/p>\n","protected":false},"excerpt":{"rendered":"<p>Centro Culturale GAUDI\u2019-INCONTRO CON L\u2019AUTORE 2018 Il Centro Culturale propone anche quest\u2019anno la rassegna INCONTRO CON L\u2019AUTORE. Come di consueto non si tratter\u00e0 solo, o innanzitutto, di una presentazione di \u201clibri\u201d, ma, in dialogo con il pubblico, di veri e propri \u201cincontri\u201d, con gli Autori o con i protagonisti delle vicende esposte. Terremo\u00a0 come tema [&hellip;]<\/p>\n","protected":false},"author":1,"featured_media":150,"comment_status":"closed","ping_status":"closed","sticky":true,"template":"","format":"standard","meta":[],"categories":[14],"tags":[],"jetpack_featured_media_url":"http:\/\/centroculturalegiussano.it\/wp-content\/uploads\/2018\/05\/unnamed.jpg","_links":{"self":[{"href":"http:\/\/centroculturalegiussano.it\/index.php\/wp-json\/wp\/v2\/posts\/139"}],"collection":[{"href":"http:\/\/centroculturalegiussano.it\/index.php\/wp-json\/wp\/v2\/posts"}],"about":[{"href":"http:\/\/centroculturalegiussano.it\/index.php\/wp-json\/wp\/v2\/types\/post"}],"author":[{"embeddable":true,"href":"http:\/\/centroculturalegiussano.it\/index.php\/wp-json\/wp\/v2\/users\/1"}],"replies":[{"embeddable":true,"href":"http:\/\/centroculturalegiussano.it\/index.php\/wp-json\/wp\/v2\/comments?post=139"}],"version-history":[{"count":6,"href":"http:\/\/centroculturalegiussano.it\/index.php\/wp-json\/wp\/v2\/posts\/139\/revisions"}],"predecessor-version":[{"id":148,"href":"http:\/\/centroculturalegiussano.it\/index.php\/wp-json\/wp\/v2\/posts\/139\/revisions\/148"}],"wp:featuredmedia":[{"embeddable":true,"href":"http:\/\/centroculturalegiussano.it\/index.php\/wp-json\/wp\/v2\/media\/150"}],"wp:attachment":[{"href":"http:\/\/centroculturalegiussano.it\/index.php\/wp-json\/wp\/v2\/media?parent=139"}],"wp:term":[{"taxonomy":"category","embeddable":true,"href":"http:\/\/centroculturalegiussano.it\/index.php\/wp-json\/wp\/v2\/categories?post=139"},{"taxonomy":"post_tag","embeddable":true,"href":"http:\/\/centroculturalegiussano.it\/index.php\/wp-json\/wp\/v2\/tags?post=139"}],"curies":[{"name":"wp","href":"https:\/\/api.w.org\/{rel}","templated":true}]}}