{"id":271,"date":"2020-06-03T14:11:04","date_gmt":"2020-06-03T12:11:04","guid":{"rendered":"http:\/\/centroculturalegiussano.it\/?p=271"},"modified":"2023-01-10T10:46:25","modified_gmt":"2023-01-10T09:46:25","slug":"il-venerdi-di-gaudi-licona-e-mistero-del-paradiso-2","status":"publish","type":"post","link":"http:\/\/centroculturalegiussano.it\/index.php\/2020\/06\/03\/il-venerdi-di-gaudi-licona-e-mistero-del-paradiso-2\/","title":{"rendered":"Il Venerd\u00ec di Gaud\u00ec &#8211; IL MIO NOME E&#8217; PIETRO"},"content":{"rendered":"<p><strong>Il Venerd\u00ec di Gaud\u00ec- 29 maggio ore 21.00<\/strong><\/p>\n<p>&nbsp;<\/p>\n<p><strong>\u201cIL MIO NOME E&#8217; PIETRO\u201d <\/strong><\/p>\n<p>E\u2019 la seconda delle due serate proposte dalla <em>Comunit\u00e0 Pastorale San Paolo<\/em> alla realizzazione delle quali anche il <em>Centro Culturale Gaud\u00ec <\/em>\u00a0ha collaborato.<\/p>\n<p><img loading=\"lazy\" class=\"size-medium wp-image-272 aligncenter\" src=\"http:\/\/centroculturalegiussano.it\/wp-content\/uploads\/2020\/06\/IL-MIO-NOME-E-PIETRO-300x300.png\" alt=\"IL MIO NOME E' PIETRO\" width=\"300\" height=\"300\" srcset=\"http:\/\/centroculturalegiussano.it\/wp-content\/uploads\/2020\/06\/IL-MIO-NOME-E-PIETRO-300x300.png 300w, http:\/\/centroculturalegiussano.it\/wp-content\/uploads\/2020\/06\/IL-MIO-NOME-E-PIETRO-150x150.png 150w, http:\/\/centroculturalegiussano.it\/wp-content\/uploads\/2020\/06\/IL-MIO-NOME-E-PIETRO-768x771.png 768w, http:\/\/centroculturalegiussano.it\/wp-content\/uploads\/2020\/06\/IL-MIO-NOME-E-PIETRO-1020x1024.png 1020w, http:\/\/centroculturalegiussano.it\/wp-content\/uploads\/2020\/06\/IL-MIO-NOME-E-PIETRO-500x500.png 500w, http:\/\/centroculturalegiussano.it\/wp-content\/uploads\/2020\/06\/IL-MIO-NOME-E-PIETRO.png 1593w\" sizes=\"(max-width: 300px) 100vw, 300px\" \/><\/p>\n<p><strong>Incontreremo la figura di Pietro <\/strong>attraverso riflessioni musica, arte.<\/p>\n<p><strong>L\u2019occasione di questa serata \u00e8 la memoria di San Paolo VI <\/strong>di cui ricorre il <em>1\u00b0 centenario di ordinazione<\/em> <em>sacerdotale;<\/em> un papa santo che ricordiamo con <strong>affetto, gratitudine e stima: sentimenti che si rinnovano alla sequela di \u201cPietro\u201d oggi, in questi<\/strong> <strong>tempi difficili.<\/strong><\/p>\n<p><strong>Papa Francesco, con gesti e parole, sta indicando la strada:\u201d \u00e8 il tempo del nostro giudizio, il tempo di scegliere che cosa conta e che cosa passa, di separare ci\u00f2 che \u00e8 necessario da ci\u00f2 che non lo \u00e8\u201d. Il tempo della conversione: <em>\u201dmi ami tu?\u201d<\/em><\/strong><\/p>\n<p>&nbsp;<\/p>\n<p>L\u2019incontro si potr\u00e0 seguire in streaming sul sito<\/p>\n<p>w<a href=\"http:\/\/www.comunitasanpaolo.it\">ww.comunitasanpaolo.it<\/a><\/p>\n","protected":false},"excerpt":{"rendered":"<p>Il Venerd\u00ec di Gaud\u00ec- 29 maggio ore 21.00 &nbsp; \u201cIL MIO NOME E&#8217; PIETRO\u201d E\u2019 la seconda delle due serate proposte dalla Comunit\u00e0 Pastorale San Paolo alla realizzazione delle quali anche il Centro Culturale Gaud\u00ec \u00a0ha collaborato. Incontreremo la figura di Pietro attraverso riflessioni musica, arte. L\u2019occasione di questa serata \u00e8 la memoria di San [&hellip;]<\/p>\n","protected":false},"author":1,"featured_media":0,"comment_status":"closed","ping_status":"closed","sticky":false,"template":"","format":"standard","meta":[],"categories":[16],"tags":[],"jetpack_featured_media_url":"","_links":{"self":[{"href":"http:\/\/centroculturalegiussano.it\/index.php\/wp-json\/wp\/v2\/posts\/271"}],"collection":[{"href":"http:\/\/centroculturalegiussano.it\/index.php\/wp-json\/wp\/v2\/posts"}],"about":[{"href":"http:\/\/centroculturalegiussano.it\/index.php\/wp-json\/wp\/v2\/types\/post"}],"author":[{"embeddable":true,"href":"http:\/\/centroculturalegiussano.it\/index.php\/wp-json\/wp\/v2\/users\/1"}],"replies":[{"embeddable":true,"href":"http:\/\/centroculturalegiussano.it\/index.php\/wp-json\/wp\/v2\/comments?post=271"}],"version-history":[{"count":2,"href":"http:\/\/centroculturalegiussano.it\/index.php\/wp-json\/wp\/v2\/posts\/271\/revisions"}],"predecessor-version":[{"id":274,"href":"http:\/\/centroculturalegiussano.it\/index.php\/wp-json\/wp\/v2\/posts\/271\/revisions\/274"}],"wp:attachment":[{"href":"http:\/\/centroculturalegiussano.it\/index.php\/wp-json\/wp\/v2\/media?parent=271"}],"wp:term":[{"taxonomy":"category","embeddable":true,"href":"http:\/\/centroculturalegiussano.it\/index.php\/wp-json\/wp\/v2\/categories?post=271"},{"taxonomy":"post_tag","embeddable":true,"href":"http:\/\/centroculturalegiussano.it\/index.php\/wp-json\/wp\/v2\/tags?post=271"}],"curies":[{"name":"wp","href":"https:\/\/api.w.org\/{rel}","templated":true}]}}