{"id":356,"date":"2020-01-12T15:14:45","date_gmt":"2020-01-12T14:14:45","guid":{"rendered":"http:\/\/centroculturalegiussano.it\/?p=356"},"modified":"2022-03-21T15:46:28","modified_gmt":"2022-03-21T14:46:28","slug":"cineforum-2020","status":"publish","type":"post","link":"http:\/\/centroculturalegiussano.it\/index.php\/2020\/01\/12\/cineforum-2020\/","title":{"rendered":"Cineforum 2020"},"content":{"rendered":"\n<p class=\"has-text-align-justify\">Da&nbsp;venerd\u00ec 17 gennaio&nbsp;inizia il tradizionale&nbsp;CINEFORUM&nbsp;proposto dalla&nbsp;<strong>&#8220;sala don Caccia in collaborazione con il Centro Culturale Gaud\u00ec&#8221;<\/strong>.<\/p>\n\n\n\n<p class=\"has-text-align-left\">Oratorio di via D\u2019Azeglio, 32 a Giussano. <\/p>\n\n\n\n<p class=\"has-text-align-left\">Inizio delle Proiezioni alle ore 21.15.&nbsp; &nbsp; &nbsp; <\/p>\n\n\n\n<p class=\"has-text-align-left\">L\u2019ingresso \u00e8 libero<\/p>\n\n\n\n<p class=\"has-text-align-center\">Le quattro serate nell\u2019 edizione 2020 avranno come tema:&nbsp;<\/p>\n\n\n\n<p class=\"has-text-align-center\"><em><strong>&#8220;PERSONA,chi incontra vive\u201d&nbsp;<\/strong>.<\/em><\/p>\n\n\n\n<p>Ad aprire la rassegna sar\u00e0 il film di&nbsp; Clint Eastwood&nbsp;<em><strong>\u201cThe mule\u201d&nbsp;<\/strong><\/em>(USA 2018)<em>.&nbsp;<\/em>                                                                                                                 Seguiranno nelle date indicate le proiezioni dei seguenti films:<\/p>\n\n\n\n<p>24\/1\/2020&nbsp;&nbsp;&nbsp;<strong>Manuel<\/strong>, di Dario Albertini                                                        31\/1\/2020&nbsp;<strong>&nbsp;&nbsp; Il vizio della speranza,&nbsp;<\/strong>di Edoardo de Angelis<br>7\/2\/2020&nbsp;&nbsp;&nbsp;&nbsp;&nbsp;<strong>Le invisibili,&nbsp;<\/strong>di Luis Giulien<\/p>\n\n\n\n<p class=\"has-text-align-justify\">Il cinema racconta da sempre&nbsp; l&#8217;essere umano coinvolto nell&#8217;avventura della vita; la vita&nbsp; nella sua trama misteriosa, complessa e affascinante. Il cuore umano \u00e8 continuamente messo alla prova, costantemente chiamato a rispondere alle provocazioni dell&#8217;esistenza, deve continuamente scegliere ed ogni scelta, ogni risposta, costruiscono pezzo per pezzo l\u2019 identit\u00e0 della persona, quello in cui crede e quello in cui deve credere in modo imprevisto quando \u00e8 costretta a guardare la realt\u00e0 con sguardo sincero, vero.<br>I film proposti mettono in luce proprio queste realt\u00e0 ; in modo puntuale&nbsp;le storie dei protagonisti&nbsp; confermano e allo stesso tempo&nbsp; rivelano aspetti importanti dell&#8217;essere umano come il senso della genitorialit\u00e0, il senso di responsabilit\u00e0 fino a rischiare di perdere quello che si \u00e8 costruito, il senso dell&#8217;esser figli e la comprensione degli affetti, il senso della morte, della sopravvivenza, delle relazioni, della solitudine, della redenzione, del perdono e della riconciliazione, della sacralit\u00e0 di ogni persona, della naturale e religiosa umana piet\u00e0 e soprattutto il senso del compito e della vocazione.<\/p>\n\n\n\n<p>Il percorso \u00e8 stato ideato e verr\u00e0 condotto da:                                         <strong>Maurizio Giovagnoni<\/strong>,&nbsp;co-fondatore di&nbsp;<em>SENTIERI&nbsp;DEL CINEMA<\/em><\/p>\n","protected":false},"excerpt":{"rendered":"<p>Da&nbsp;venerd\u00ec 17 gennaio&nbsp;inizia il tradizionale&nbsp;CINEFORUM&nbsp;proposto dalla&nbsp;&#8220;sala don Caccia in collaborazione con il Centro Culturale Gaud\u00ec&#8221;. Oratorio di via D\u2019Azeglio, 32 a Giussano. Inizio delle Proiezioni alle ore 21.15.&nbsp; &nbsp; &nbsp; L\u2019ingresso \u00e8 libero Le quattro serate nell\u2019 edizione 2020 avranno come tema:&nbsp; &#8220;PERSONA,chi incontra vive\u201d&nbsp;. Ad aprire la rassegna sar\u00e0 il film di&nbsp; Clint Eastwood&nbsp;\u201cThe [&hellip;]<\/p>\n","protected":false},"author":1,"featured_media":66,"comment_status":"closed","ping_status":"closed","sticky":true,"template":"","format":"standard","meta":[],"categories":[1,12],"tags":[],"jetpack_featured_media_url":"http:\/\/centroculturalegiussano.it\/wp-content\/uploads\/2017\/11\/cineforum.jpg","_links":{"self":[{"href":"http:\/\/centroculturalegiussano.it\/index.php\/wp-json\/wp\/v2\/posts\/356"}],"collection":[{"href":"http:\/\/centroculturalegiussano.it\/index.php\/wp-json\/wp\/v2\/posts"}],"about":[{"href":"http:\/\/centroculturalegiussano.it\/index.php\/wp-json\/wp\/v2\/types\/post"}],"author":[{"embeddable":true,"href":"http:\/\/centroculturalegiussano.it\/index.php\/wp-json\/wp\/v2\/users\/1"}],"replies":[{"embeddable":true,"href":"http:\/\/centroculturalegiussano.it\/index.php\/wp-json\/wp\/v2\/comments?post=356"}],"version-history":[{"count":3,"href":"http:\/\/centroculturalegiussano.it\/index.php\/wp-json\/wp\/v2\/posts\/356\/revisions"}],"predecessor-version":[{"id":368,"href":"http:\/\/centroculturalegiussano.it\/index.php\/wp-json\/wp\/v2\/posts\/356\/revisions\/368"}],"wp:featuredmedia":[{"embeddable":true,"href":"http:\/\/centroculturalegiussano.it\/index.php\/wp-json\/wp\/v2\/media\/66"}],"wp:attachment":[{"href":"http:\/\/centroculturalegiussano.it\/index.php\/wp-json\/wp\/v2\/media?parent=356"}],"wp:term":[{"taxonomy":"category","embeddable":true,"href":"http:\/\/centroculturalegiussano.it\/index.php\/wp-json\/wp\/v2\/categories?post=356"},{"taxonomy":"post_tag","embeddable":true,"href":"http:\/\/centroculturalegiussano.it\/index.php\/wp-json\/wp\/v2\/tags?post=356"}],"curies":[{"name":"wp","href":"https:\/\/api.w.org\/{rel}","templated":true}]}}