{"id":477,"date":"2023-09-23T10:32:00","date_gmt":"2023-09-23T08:32:00","guid":{"rendered":"http:\/\/centroculturalegiussano.it\/?p=477"},"modified":"2024-04-16T10:44:53","modified_gmt":"2024-04-16T08:44:53","slug":"giussano-incontra-2023","status":"publish","type":"post","link":"http:\/\/centroculturalegiussano.it\/index.php\/2023\/09\/23\/giussano-incontra-2023\/","title":{"rendered":"Giussano Incontra 2023"},"content":{"rendered":"\n<p><\/p>\n\n\n\n<p>Il Centro Culturale Gaud\u00ec di Giussano propone anche quest&#8217;anno in occasione della festa patronale di ottobre la manifestazione<\/p>\n\n\n\n<p><strong>\u201cGiussanoincontra \u201d<\/strong><\/p>\n\n\n\n<p>Tema sar\u00e0:<br><strong>\u201cIl cuore dell&#8217;uomo \u00e8 fatto bene. Fatto per il bene.\u201d<\/strong><\/p>\n\n\n\n<p>Viviamo in un momento difficile della storia, raggiunto quotidianamente da notizie di guerra, di violenze e crudelt\u00e0 che ci feriscono e che ci fanno dimenticare che il cuore dell&#8217;uomo \u00e8 fatto per il bene. Ma poi appaiono gesti e storie di uomini che, nello squallore dilagante, fanno accadere fatti concreti di bene, scelte di libert\u00e0 e di giustizia e permettono cos\u00ec che rinasca una speranza di salvezza, di bene e di bellezza, uno sguardo nuovo possibile per tutti e , talmente pi\u00f9 vero del male, che fa riaccendere il desiderio di vivere e fare il Bene.<\/p>\n\n\n\n<p>Desideriamo proporre incontri e testimonianze che aiutano a recuperare una speranza di bene, di bellezza, di positivit\u00e0 che riaccende il desiderio di vivere e fare il bene.<\/p>\n\n\n\n<p>I due incontri saranno presso la Baita degli Alpini, via De Gasperi 55 alle ore 21,15<br>la proiezione del film in Sala Don Caccia, presso l&#8217;oratorio di Giussano, con entrata libera.<br>Vi aspettiamo<\/p>\n\n\n\n<div class=\"wp-container-4 wp-block-group\"><div class=\"wp-block-group__inner-container\">\n<div class=\"wp-container-3 wp-block-group\"><div class=\"wp-block-group__inner-container\">\n<div class=\"wp-container-2 wp-block-group\"><div class=\"wp-block-group__inner-container\">\n<p>giovedi 5 ottobre &#8211; incontro: &#8220;Il cuore dell&#8217;uomo \u00e8 fatto bene. Fatto per il bene&#8221; &#8211; &nbsp;video disponibile su <a rel=\"noreferrer noopener\" href=\"https:\/\/youtu.be\/AFrmf4-SFu8?si=7c7mLVjruK-Lj6-Y\" target=\"_blank\"><mark style=\"background-color:rgba(0, 0, 0, 0)\" class=\"has-inline-color has-vivid-cyan-blue-color\">YouTube del Centro Culturale&nbsp;Gaudi&nbsp;di Giussano<\/mark><\/a><\/p>\n\n\n\n<p>domenica 8 ottobre &#8211; proiezione del film &#8220;Nostalgia&#8221; (di Mario Martone)<\/p>\n\n\n\n<p>giovedi 12 ottobre &#8211; incontro-testimonianza con Valentina Oriani e Walter Muto sul progetto &#8220;Musica Insieme&#8221; del carcere San Vittore di Milano video disponibile su <a href=\"https:\/\/youtu.be\/SbuDVx_HPCM?si=NggAJrgPy3rWSHG7\"><mark style=\"background-color:rgba(0, 0, 0, 0)\" class=\"has-inline-color has-vivid-cyan-blue-color\">YouTube del Centro Culturale&nbsp;Gaudi&nbsp;di Giussano<\/mark><\/a><\/p>\n\n\n\n<p>sabato 14 ottobre &#8211; Premiazione dei bambini della scuola primaria vincitori del Concorso Letterario<\/p>\n\n\n\n<div class=\"wp-container-1 wp-block-group\"><div class=\"wp-block-group__inner-container\"><\/div><\/div>\n<\/div><\/div>\n<\/div><\/div>\n<\/div><\/div>\n\n\n\n<p><a rel=\"noreferrer noopener\" href=\"http:\/\/centroculturalegiussano.it\/wp-content\/uploads\/2023\/12\/locandina-4.jpg\" target=\"_blank\">Vedi locandina<\/a> <\/p>\n","protected":false},"excerpt":{"rendered":"<p>Il Centro Culturale Gaud\u00ec di Giussano propone anche quest&#8217;anno in occasione della festa patronale di ottobre la manifestazione \u201cGiussanoincontra \u201d Tema sar\u00e0:\u201cIl cuore dell&#8217;uomo \u00e8 fatto bene. Fatto per il bene.\u201d Viviamo in un momento difficile della storia, raggiunto quotidianamente da notizie di guerra, di violenze e crudelt\u00e0 che ci feriscono e che ci fanno [&hellip;]<\/p>\n","protected":false},"author":1,"featured_media":486,"comment_status":"closed","ping_status":"closed","sticky":false,"template":"","format":"standard","meta":[],"categories":[15],"tags":[],"jetpack_featured_media_url":"http:\/\/centroculturalegiussano.it\/wp-content\/uploads\/2023\/12\/locandina-5.jpg","_links":{"self":[{"href":"http:\/\/centroculturalegiussano.it\/index.php\/wp-json\/wp\/v2\/posts\/477"}],"collection":[{"href":"http:\/\/centroculturalegiussano.it\/index.php\/wp-json\/wp\/v2\/posts"}],"about":[{"href":"http:\/\/centroculturalegiussano.it\/index.php\/wp-json\/wp\/v2\/types\/post"}],"author":[{"embeddable":true,"href":"http:\/\/centroculturalegiussano.it\/index.php\/wp-json\/wp\/v2\/users\/1"}],"replies":[{"embeddable":true,"href":"http:\/\/centroculturalegiussano.it\/index.php\/wp-json\/wp\/v2\/comments?post=477"}],"version-history":[{"count":4,"href":"http:\/\/centroculturalegiussano.it\/index.php\/wp-json\/wp\/v2\/posts\/477\/revisions"}],"predecessor-version":[{"id":527,"href":"http:\/\/centroculturalegiussano.it\/index.php\/wp-json\/wp\/v2\/posts\/477\/revisions\/527"}],"wp:featuredmedia":[{"embeddable":true,"href":"http:\/\/centroculturalegiussano.it\/index.php\/wp-json\/wp\/v2\/media\/486"}],"wp:attachment":[{"href":"http:\/\/centroculturalegiussano.it\/index.php\/wp-json\/wp\/v2\/media?parent=477"}],"wp:term":[{"taxonomy":"category","embeddable":true,"href":"http:\/\/centroculturalegiussano.it\/index.php\/wp-json\/wp\/v2\/categories?post=477"},{"taxonomy":"post_tag","embeddable":true,"href":"http:\/\/centroculturalegiussano.it\/index.php\/wp-json\/wp\/v2\/tags?post=477"}],"curies":[{"name":"wp","href":"https:\/\/api.w.org\/{rel}","templated":true}]}}